{"id":19640,"date":"2020-09-09T11:43:16","date_gmt":"2020-09-09T11:43:16","guid":{"rendered":"https:\/\/mifar.com\/our-covid-19-protocol-distancing-masks-smart-working\/"},"modified":"2021-02-23T10:00:32","modified_gmt":"2021-02-23T10:00:32","slug":"notre-protocole-covid-19-distanciation-masques-travail-mobile","status":"publish","type":"post","link":"https:\/\/mifar.com\/fr\/notre-protocole-covid-19-distanciation-masques-travail-mobile\/","title":{"rendered":"Notre protocole Covid-19 : distanciation, masques, travail mobile"},"content":{"rendered":"<div class=\"wpb-content-wrapper\"><p>[vc_row css_animation=\u00a0\u00bb\u00a0\u00bb row_type=\u00a0\u00bbrow\u00a0\u00bb use_row_as_full_screen_section=\u00a0\u00bbno\u00a0\u00bb type=\u00a0\u00bbfull_width\u00a0\u00bb angled_section=\u00a0\u00bbno\u00a0\u00bb text_align=\u00a0\u00bbleft\u00a0\u00bb background_image_as_pattern=\u00a0\u00bbwithout_pattern\u00a0\u00bb][vc_column width=\u00a0\u00bb1\/2&Prime;][vc_gallery interval=\u00a0\u00bb3&Prime; images=\u00a0\u00bb19641&Prime; img_size=\u00a0\u00bbfull\u00a0\u00bb][\/vc_column][vc_column width=\u00a0\u00bb1\/2&Prime;][vc_column_text]Milan, 9 septembre 2020 &#8211; Apr\u00e8s plus de 4 mois de d\u00e9veloppement du \u00ab Protocole op\u00e9rationnel anti-contagion pour la gestion du risque de coronavirus (Covid-19) \u00bb visant \u00e0 d\u00e9finir les comportements ad\u00e9quats \u00e0 mettre en \u0153uvre pour pr\u00e9venir tout type d&rsquo;infection au cours des activit\u00e9s professionnelles, Mifar confirme jour apr\u00e8s jour son engagement de concilier le travail et la sauvegarde des conditions de sant\u00e9 et de s\u00e9curit\u00e9 des milieux ambiants \u00e0 l\u2019enseigne de la reprise des activit\u00e9s.<\/p>\n<p>Un engagement qui concerne tous les aspects de la journ\u00e9e de travail : des acc\u00e8s \u00e9chelonn\u00e9s, l\u2019organisation d\u2019un travail flexible, en favorisant les r\u00e9unions internes et externes par vid\u00e9oconf\u00e9rence, en renvoyant \u00e0 un futur proche la participation \u00e0 divers \u00e9v\u00e9nements. Un roulement de travail sp\u00e9cifique dans l&rsquo;usine de Rescaldina afin d&rsquo;\u00e9viter les rassemblements de personnes. Une mesure de la temp\u00e9rature \u00e0 l&rsquo;entr\u00e9e et un kit anti-contagion sont fournis quotidiennement.<\/p>\n<p>Ce sont l\u00e0, avec bien d&rsquo;autres encore, les aspects pratiques de la journ\u00e9e de travail que l&rsquo;on peut r\u00e9sumer par \u00ab distanciation &#8211; masques &#8211; travail mobile \u00bb, une combinaison de facteurs qui conduira \u00e0 la reprise \u00e9conomique.<br \/>\nNous en sommes s\u00fbrs.[\/vc_column_text][\/vc_column][\/vc_row]<\/p>\n<\/div>","protected":false},"excerpt":{"rendered":"<p>[vc_row css_animation=\u00a0\u00bb\u00a0\u00bb row_type=\u00a0\u00bbrow\u00a0\u00bb use_row_as_full_screen_section=\u00a0\u00bbno\u00a0\u00bb type=\u00a0\u00bbfull_width\u00a0\u00bb angled_section=\u00a0\u00bbno\u00a0\u00bb text_align=\u00a0\u00bbleft\u00a0\u00bb background_image_as_pattern=\u00a0\u00bbwithout_pattern\u00a0\u00bb][vc_column width=\u00a0\u00bb1\/2&Prime;][vc_gallery interval=\u00a0\u00bb3&Prime; images=\u00a0\u00bb19641&Prime; img_size=\u00a0\u00bbfull\u00a0\u00bb][\/vc_column][vc_column width=\u00a0\u00bb1\/2&Prime;][vc_column_text]Milan, 9 septembre 2020 &#8211; Apr\u00e8s plus de 4 mois de d\u00e9veloppement du \u00ab Protocole op\u00e9rationnel anti-contagion pour la gestion du risque de coronavirus (Covid-19) \u00bb visant \u00e0 d\u00e9finir les comportements ad\u00e9quats \u00e0&#8230;<\/p>\n","protected":false},"author":7,"featured_media":19641,"comment_status":"open","ping_status":"open","sticky":false,"template":"","format":"standard","meta":{"footnotes":""},"categories":[348],"tags":[],"class_list":["post-19640","post","type-post","status-publish","format-standard","has-post-thumbnail","hentry","category-news-and-events-fr"],"_links":{"self":[{"href":"https:\/\/mifar.com\/fr\/wp-json\/wp\/v2\/posts\/19640","targetHints":{"allow":["GET"]}}],"collection":[{"href":"https:\/\/mifar.com\/fr\/wp-json\/wp\/v2\/posts"}],"about":[{"href":"https:\/\/mifar.com\/fr\/wp-json\/wp\/v2\/types\/post"}],"author":[{"embeddable":true,"href":"https:\/\/mifar.com\/fr\/wp-json\/wp\/v2\/users\/7"}],"replies":[{"embeddable":true,"href":"https:\/\/mifar.com\/fr\/wp-json\/wp\/v2\/comments?post=19640"}],"version-history":[{"count":4,"href":"https:\/\/mifar.com\/fr\/wp-json\/wp\/v2\/posts\/19640\/revisions"}],"predecessor-version":[{"id":19645,"href":"https:\/\/mifar.com\/fr\/wp-json\/wp\/v2\/posts\/19640\/revisions\/19645"}],"wp:featuredmedia":[{"embeddable":true,"href":"https:\/\/mifar.com\/fr\/wp-json\/wp\/v2\/media\/19641"}],"wp:attachment":[{"href":"https:\/\/mifar.com\/fr\/wp-json\/wp\/v2\/media?parent=19640"}],"wp:term":[{"taxonomy":"category","embeddable":true,"href":"https:\/\/mifar.com\/fr\/wp-json\/wp\/v2\/categories?post=19640"},{"taxonomy":"post_tag","embeddable":true,"href":"https:\/\/mifar.com\/fr\/wp-json\/wp\/v2\/tags?post=19640"}],"curies":[{"name":"wp","href":"https:\/\/api.w.org\/{rel}","templated":true}]}}